{"id":5438,"date":"2023-03-28T13:43:38","date_gmt":"2023-03-28T11:43:38","guid":{"rendered":"https:\/\/ecrevis.eco\/site\/?p=5438"},"modified":"2023-03-28T13:47:11","modified_gmt":"2023-03-28T11:47:11","slug":"lecrevis-lance-une-collecte-solidaire","status":"publish","type":"post","link":"https:\/\/ecrevis.eco\/site\/lecrevis-lance-une-collecte-solidaire\/","title":{"rendered":"L&rsquo;ECREVIS lance une collecte solidaire"},"content":{"rendered":"\n<figure class=\"wp-block-image\"><img decoding=\"async\" src=\"https:\/\/static.xx.fbcdn.net\/images\/emoji.php\/v9\/tbd\/1.5\/16\/1f91d.png\" alt=\"\ud83e\udd1d\"\/><\/figure>\n\n\n\n<h2 class=\"has-text-align-center wp-block-heading\">Collecte solidaire \u00e0 l&rsquo;ECREVIS en soutien aux personnes migrantes \u00e0 Annecy, aux personnes d\u00e9tenues et pr\u00e9caires dans les C.R.A de Lyon et aux personnes victimes des s\u00e9ismes en Turquie et Syrie.<\/h2>\n\n\n\n<p>Sur Annecy : De nombreuses personnes migrantes, et notamment des mineurs, arrivent r\u00e9guli\u00e8rement, sans trouver de places dans les foyers, souvent satur\u00e9s. Nombre d&rsquo;entre eux se retrouvent alors dans des situations pr\u00e9caires, \u00e0 la rue et avec peu de soin, d&rsquo;intimit\u00e9, de confort et de chaleur.<br><br>Sur Lyon : Un deuxi\u00e8me Centre de R\u00e9tention Administrative (CRA) a ouvert d\u00e9but janvier, et commence d\u00e9j\u00e0 \u00e0 se remplir. A l\u2019int\u00e9rieur, des personnes sont d\u00e9tenues, dans des conditions inhumaines, au simple motif qu\u2019elles n\u2019ont pas de papiers. Violences p\u00e9nitentiaires, absence de soins et isolement sont leur quotidien. La p\u00e9riode hivernale est une p\u00e9riode compliqu\u00e9e, et les prisonnier.es se plaignent du froid qui subsiste \u00e0 l\u2019int\u00e9rieur des b\u00e2timents, non chauff\u00e9s.<br><br>En Turquie et en Syrie : Dans la nuit du 5 au 6 f\u00e9vrier 2023, un s\u00e9isme de magnitude 7,8 sur l\u2019\u00e9chelle de Richter a frapp\u00e9 la Turquie et la Syrie. Le bilan humain est extr\u00eamement lourd (Plus de 50 000 morts sont recens\u00e9s au 28 f\u00e9vrier), et les survivant.es se retrouvent dans une situation d&rsquo;extr\u00eame urgence. En effet, tout est \u00e0 refaire pour des centaines de milliers de famille, hommes, femmes et enfants qui finissent veufs, veuves, orphelin.es, sans abris, sans v\u00eatements, sans nourriture dans un hiver pas moins rigoureux que le n\u00f4tre (les temp\u00e9ratures descendent jusqu\u2019\u00e0 \u2013 10 \u00b0C). <br><br>En partenariat avec l&rsquo;Association Culturelle et Sportive Franco-Turque de Cran-Gevrier, nous souhaitons venir en aide \u00e0 toutes ces personnes<\/p>\n\n\n\n<h2 class=\"has-text-align-center wp-block-heading\">Pour cela nous lan\u00e7ons une collecte de v\u00eatements et autres mat\u00e9riels. Jusqu\u2019\u00e0 fin avril, vous trouverez un coin collecte \u00e0 l\u2019entr\u00e9e de l\u2019ECREVIS. Venez y d\u00e9poser ce qui pourrait \u00eatre utile \u00e0 toutes ces personnes, et merci de partager l&rsquo;information autour de vous !<\/h2>\n\n\n\n<div class=\"wp-block-media-text alignwide is-stacked-on-mobile\" style=\"grid-template-columns:38% auto\"><figure class=\"wp-block-media-text__media\"><img fetchpriority=\"high\" decoding=\"async\" width=\"766\" height=\"1024\" src=\"https:\/\/ecrevis.eco\/site\/wp-content\/uploads\/2023\/03\/rn_image_picker_lib_temp_57781624-71d6-4ef3-a59e-19b995dcd311-1-766x1024.jpg\" alt=\"\" class=\"wp-image-5443 size-full\" srcset=\"https:\/\/ecrevis.eco\/site\/wp-content\/uploads\/2023\/03\/rn_image_picker_lib_temp_57781624-71d6-4ef3-a59e-19b995dcd311-1-766x1024.jpg 766w, https:\/\/ecrevis.eco\/site\/wp-content\/uploads\/2023\/03\/rn_image_picker_lib_temp_57781624-71d6-4ef3-a59e-19b995dcd311-1-224x300.jpg 224w, https:\/\/ecrevis.eco\/site\/wp-content\/uploads\/2023\/03\/rn_image_picker_lib_temp_57781624-71d6-4ef3-a59e-19b995dcd311-1-768x1026.jpg 768w, https:\/\/ecrevis.eco\/site\/wp-content\/uploads\/2023\/03\/rn_image_picker_lib_temp_57781624-71d6-4ef3-a59e-19b995dcd311-1-1149x1536.jpg 1149w, https:\/\/ecrevis.eco\/site\/wp-content\/uploads\/2023\/03\/rn_image_picker_lib_temp_57781624-71d6-4ef3-a59e-19b995dcd311-1-scaled.jpg 1532w\" sizes=\"(max-width: 766px) 100vw, 766px\" \/><\/figure><div class=\"wp-block-media-text__content\">\n<p>Voici une liste des besoins les plus urgents que nous avons identifi\u00e9s :<br>\u2022 v\u00eatements : pulls, jeans, vestes, chaussures, chaussettes, bonnets, gants, manteaux, imperm\u00e9ables, bottes, sous-v\u00eatements<br>\u2022 Sacs \u00e0 dos \u2022 Aliments du quotidien : caf\u00e9 soluble\/sucre (en sachets individuels &#8211; sinon la police refuse de les donner aux prisonnier.es), biscuits, boissons (dans des bouteilles en m\u00e9tal, plastique ou en carton)<br>\u2022 T\u00e9l\u00e9phones : nous sommes \u00e0 la recherche de t\u00e9l\u00e9phones inutilis\u00e9s qui se font oublier au fond d\u2019un tiroir, afin de les remettre \u00e0 neuf et les donner aux personnes d\u00e9tenues. Pourquoi ? Beaucoup n\u2019ont aucun moyen de contacter leurs proches et vivent dans un isolement quasi-total.<br>\u2022 Mat\u00e9riel : tentes, matelas et lits de camping, couvertures classiques, polaires et survies, sacs de couchage, thermos, lampes de poche rechargeables (solaires si possible), batteries externes portables, chauffes mains de poche.<br>\u2022 Enfants-Femmes : Lait en poudre, couches b\u00e9b\u00e9s, produits d\u2019hygi\u00e8nes en g\u00e9n\u00e9ral, serviettes hygi\u00e9niques pour femmes<br><\/p>\n<\/div><\/div>\n\n\n\n<p class=\"has-text-align-center\"><br>-> <strong>Jusqu\u2019\u00e0 fin avril, nous avons install\u00e9 un coin collecte \u00e0 l\u2019entr\u00e9e de l\u2019ECREVIS. <\/strong><br><strong>Venez y d\u00e9poser ce qui pourrait \u00eatre utile \u00e0 toutes ces personnes, et merci de partager l&rsquo;information autour de vous !<\/strong><br>UN GRAND MERCI POUR EUX !!<\/p>\n","protected":false},"excerpt":{"rendered":"<p>Collecte solidaire \u00e0 l&rsquo;ECREVIS en soutien aux personnes migrantes \u00e0 Annecy, aux personnes d\u00e9tenues et pr\u00e9caires dans les C.R.A de Lyon et aux personnes victimes des s\u00e9ismes en Turquie et Syrie. Sur Annecy : De nombreuses personnes migrantes, et notamment des mineurs, arrivent r\u00e9guli\u00e8rement, sans trouver de places dans les foyers, souvent satur\u00e9s. Nombre d&rsquo;entre [&hellip;]<\/p>\n","protected":false},"author":12,"featured_media":5451,"comment_status":"open","ping_status":"open","sticky":false,"template":"","format":"standard","meta":{"ocean_post_layout":"","ocean_both_sidebars_style":"","ocean_both_sidebars_content_width":0,"ocean_both_sidebars_sidebars_width":0,"ocean_sidebar":"0","ocean_second_sidebar":"0","ocean_disable_margins":"enable","ocean_add_body_class":"","ocean_shortcode_before_top_bar":"","ocean_shortcode_after_top_bar":"","ocean_shortcode_before_header":"","ocean_shortcode_after_header":"","ocean_has_shortcode":"","ocean_shortcode_after_title":"","ocean_shortcode_before_footer_widgets":"","ocean_shortcode_after_footer_widgets":"","ocean_shortcode_before_footer_bottom":"","ocean_shortcode_after_footer_bottom":"","ocean_display_top_bar":"default","ocean_display_header":"default","ocean_header_style":"","ocean_center_header_left_menu":"0","ocean_custom_header_template":"0","ocean_custom_logo":0,"ocean_custom_retina_logo":0,"ocean_custom_logo_max_width":0,"ocean_custom_logo_tablet_max_width":0,"ocean_custom_logo_mobile_max_width":0,"ocean_custom_logo_max_height":0,"ocean_custom_logo_tablet_max_height":0,"ocean_custom_logo_mobile_max_height":0,"ocean_header_custom_menu":"0","ocean_menu_typo_font_family":"0","ocean_menu_typo_font_subset":"","ocean_menu_typo_font_size":0,"ocean_menu_typo_font_size_tablet":0,"ocean_menu_typo_font_size_mobile":0,"ocean_menu_typo_font_size_unit":"px","ocean_menu_typo_font_weight":"","ocean_menu_typo_font_weight_tablet":"","ocean_menu_typo_font_weight_mobile":"","ocean_menu_typo_transform":"","ocean_menu_typo_transform_tablet":"","ocean_menu_typo_transform_mobile":"","ocean_menu_typo_line_height":0,"ocean_menu_typo_line_height_tablet":0,"ocean_menu_typo_line_height_mobile":0,"ocean_menu_typo_line_height_unit":"","ocean_menu_typo_spacing":0,"ocean_menu_typo_spacing_tablet":0,"ocean_menu_typo_spacing_mobile":0,"ocean_menu_typo_spacing_unit":"","ocean_menu_link_color":"","ocean_menu_link_color_hover":"","ocean_menu_link_color_active":"","ocean_menu_link_background":"","ocean_menu_link_hover_background":"","ocean_menu_link_active_background":"","ocean_menu_social_links_bg":"","ocean_menu_social_hover_links_bg":"","ocean_menu_social_links_color":"","ocean_menu_social_hover_links_color":"","ocean_disable_title":"default","ocean_disable_heading":"default","ocean_post_title":"","ocean_post_subheading":"","ocean_post_title_style":"","ocean_post_title_background_color":"","ocean_post_title_background":0,"ocean_post_title_bg_image_position":"","ocean_post_title_bg_image_attachment":"","ocean_post_title_bg_image_repeat":"","ocean_post_title_bg_image_size":"","ocean_post_title_height":0,"ocean_post_title_bg_overlay":0.5,"ocean_post_title_bg_overlay_color":"","ocean_disable_breadcrumbs":"default","ocean_breadcrumbs_color":"","ocean_breadcrumbs_separator_color":"","ocean_breadcrumbs_links_color":"","ocean_breadcrumbs_links_hover_color":"","ocean_display_footer_widgets":"default","ocean_display_footer_bottom":"default","ocean_custom_footer_template":"0","omw_enable_modal_window":"enable","ocean_post_oembed":"","ocean_post_self_hosted_media":"","ocean_post_video_embed":"","ocean_link_format":"","ocean_link_format_target":"self","ocean_quote_format":"","ocean_quote_format_link":"post","ocean_gallery_link_images":"off","ocean_gallery_id":[],"footnotes":""},"categories":[1],"tags":[],"yoast_head":"<!-- This site is optimized with the Yoast SEO plugin v24.5 - https:\/\/yoast.com\/wordpress\/plugins\/seo\/ -->\n<title>L&#039;ECREVIS lance une collecte solidaire - L&#039;ECREVIS<\/title>\n<meta name=\"robots\" content=\"index, follow, max-snippet:-1, max-image-preview:large, max-video-preview:-1\" \/>\n<link rel=\"canonical\" href=\"https:\/\/ecrevis.eco\/site\/lecrevis-lance-une-collecte-solidaire\/\" \/>\n<meta property=\"og:locale\" content=\"fr_FR\" \/>\n<meta property=\"og:type\" content=\"article\" \/>\n<meta property=\"og:title\" content=\"L&#039;ECREVIS lance une collecte solidaire - L&#039;ECREVIS\" \/>\n<meta property=\"og:description\" content=\"Collecte solidaire \u00e0 l&rsquo;ECREVIS en soutien aux personnes migrantes \u00e0 Annecy, aux personnes d\u00e9tenues et pr\u00e9caires dans les C.R.A de Lyon et aux personnes victimes des s\u00e9ismes en Turquie et Syrie. Sur Annecy : De nombreuses personnes migrantes, et notamment des mineurs, arrivent r\u00e9guli\u00e8rement, sans trouver de places dans les foyers, souvent satur\u00e9s. Nombre d&rsquo;entre [&hellip;]\" \/>\n<meta property=\"og:url\" content=\"https:\/\/ecrevis.eco\/site\/lecrevis-lance-une-collecte-solidaire\/\" \/>\n<meta property=\"og:site_name\" content=\"L&#039;ECREVIS\" \/>\n<meta property=\"article:publisher\" content=\"https:\/\/www.facebook.com\/ecrevis.annecy\" \/>\n<meta property=\"article:published_time\" content=\"2023-03-28T11:43:38+00:00\" \/>\n<meta property=\"article:modified_time\" content=\"2023-03-28T11:47:11+00:00\" \/>\n<meta property=\"og:image\" content=\"https:\/\/ecrevis.eco\/site\/wp-content\/uploads\/2023\/03\/collecte_solidaire_V3-copie-scaled.jpg\" \/>\n\t<meta property=\"og:image:width\" content=\"2048\" \/>\n\t<meta property=\"og:image:height\" content=\"1448\" \/>\n\t<meta property=\"og:image:type\" content=\"image\/jpeg\" \/>\n<meta name=\"author\" content=\"clementine\" \/>\n<meta name=\"twitter:card\" content=\"summary_large_image\" \/>\n<meta name=\"twitter:label1\" content=\"\u00c9crit par\" \/>\n\t<meta name=\"twitter:data1\" content=\"clementine\" \/>\n\t<meta name=\"twitter:label2\" content=\"Dur\u00e9e de lecture estim\u00e9e\" \/>\n\t<meta name=\"twitter:data2\" content=\"3 minutes\" \/>\n<script type=\"application\/ld+json\" class=\"yoast-schema-graph\">{\"@context\":\"https:\/\/schema.org\",\"@graph\":[{\"@type\":\"Article\",\"@id\":\"https:\/\/ecrevis.eco\/site\/lecrevis-lance-une-collecte-solidaire\/#article\",\"isPartOf\":{\"@id\":\"https:\/\/ecrevis.eco\/site\/lecrevis-lance-une-collecte-solidaire\/\"},\"author\":{\"name\":\"clementine\",\"@id\":\"https:\/\/ecrevis.eco\/site\/#\/schema\/person\/6b938193229c4e77a00191ed845d889f\"},\"headline\":\"L&rsquo;ECREVIS lance une collecte solidaire\",\"datePublished\":\"2023-03-28T11:43:38+00:00\",\"dateModified\":\"2023-03-28T11:47:11+00:00\",\"mainEntityOfPage\":{\"@id\":\"https:\/\/ecrevis.eco\/site\/lecrevis-lance-une-collecte-solidaire\/\"},\"wordCount\":553,\"commentCount\":0,\"publisher\":{\"@id\":\"https:\/\/ecrevis.eco\/site\/#organization\"},\"image\":{\"@id\":\"https:\/\/ecrevis.eco\/site\/lecrevis-lance-une-collecte-solidaire\/#primaryimage\"},\"thumbnailUrl\":\"https:\/\/ecrevis.eco\/site\/wp-content\/uploads\/2023\/03\/collecte_solidaire_V3-copie-scaled.jpg\",\"articleSection\":[\"Infos g\u00e9n\u00e9rales\"],\"inLanguage\":\"fr-FR\",\"potentialAction\":[{\"@type\":\"CommentAction\",\"name\":\"Comment\",\"target\":[\"https:\/\/ecrevis.eco\/site\/lecrevis-lance-une-collecte-solidaire\/#respond\"]}]},{\"@type\":\"WebPage\",\"@id\":\"https:\/\/ecrevis.eco\/site\/lecrevis-lance-une-collecte-solidaire\/\",\"url\":\"https:\/\/ecrevis.eco\/site\/lecrevis-lance-une-collecte-solidaire\/\",\"name\":\"L'ECREVIS lance une collecte solidaire - L&#039;ECREVIS\",\"isPartOf\":{\"@id\":\"https:\/\/ecrevis.eco\/site\/#website\"},\"primaryImageOfPage\":{\"@id\":\"https:\/\/ecrevis.eco\/site\/lecrevis-lance-une-collecte-solidaire\/#primaryimage\"},\"image\":{\"@id\":\"https:\/\/ecrevis.eco\/site\/lecrevis-lance-une-collecte-solidaire\/#primaryimage\"},\"thumbnailUrl\":\"https:\/\/ecrevis.eco\/site\/wp-content\/uploads\/2023\/03\/collecte_solidaire_V3-copie-scaled.jpg\",\"datePublished\":\"2023-03-28T11:43:38+00:00\",\"dateModified\":\"2023-03-28T11:47:11+00:00\",\"breadcrumb\":{\"@id\":\"https:\/\/ecrevis.eco\/site\/lecrevis-lance-une-collecte-solidaire\/#breadcrumb\"},\"inLanguage\":\"fr-FR\",\"potentialAction\":[{\"@type\":\"ReadAction\",\"target\":[\"https:\/\/ecrevis.eco\/site\/lecrevis-lance-une-collecte-solidaire\/\"]}]},{\"@type\":\"ImageObject\",\"inLanguage\":\"fr-FR\",\"@id\":\"https:\/\/ecrevis.eco\/site\/lecrevis-lance-une-collecte-solidaire\/#primaryimage\",\"url\":\"https:\/\/ecrevis.eco\/site\/wp-content\/uploads\/2023\/03\/collecte_solidaire_V3-copie-scaled.jpg\",\"contentUrl\":\"https:\/\/ecrevis.eco\/site\/wp-content\/uploads\/2023\/03\/collecte_solidaire_V3-copie-scaled.jpg\",\"width\":2048,\"height\":1448},{\"@type\":\"BreadcrumbList\",\"@id\":\"https:\/\/ecrevis.eco\/site\/lecrevis-lance-une-collecte-solidaire\/#breadcrumb\",\"itemListElement\":[{\"@type\":\"ListItem\",\"position\":1,\"name\":\"Accueil\",\"item\":\"https:\/\/ecrevis.eco\/site\/\"},{\"@type\":\"ListItem\",\"position\":2,\"name\":\"L&#8217;ECREVIS lance une collecte solidaire\"}]},{\"@type\":\"WebSite\",\"@id\":\"https:\/\/ecrevis.eco\/site\/#website\",\"url\":\"https:\/\/ecrevis.eco\/site\/\",\"name\":\"L'ECREVIS\",\"description\":\"\",\"publisher\":{\"@id\":\"https:\/\/ecrevis.eco\/site\/#organization\"},\"potentialAction\":[{\"@type\":\"SearchAction\",\"target\":{\"@type\":\"EntryPoint\",\"urlTemplate\":\"https:\/\/ecrevis.eco\/site\/?s={search_term_string}\"},\"query-input\":{\"@type\":\"PropertyValueSpecification\",\"valueRequired\":true,\"valueName\":\"search_term_string\"}}],\"inLanguage\":\"fr-FR\"},{\"@type\":\"Organization\",\"@id\":\"https:\/\/ecrevis.eco\/site\/#organization\",\"name\":\"L'ECREVIS\",\"url\":\"https:\/\/ecrevis.eco\/site\/\",\"logo\":{\"@type\":\"ImageObject\",\"inLanguage\":\"fr-FR\",\"@id\":\"https:\/\/ecrevis.eco\/site\/#\/schema\/logo\/image\/\",\"url\":\"https:\/\/ecrevis.eco\/site\/wp-content\/uploads\/2019\/03\/cropped-LOGO-E-CRE-VIS-BLEU-1.jpg\",\"contentUrl\":\"https:\/\/ecrevis.eco\/site\/wp-content\/uploads\/2019\/03\/cropped-LOGO-E-CRE-VIS-BLEU-1.jpg\",\"width\":1529,\"height\":1174,\"caption\":\"L'ECREVIS\"},\"image\":{\"@id\":\"https:\/\/ecrevis.eco\/site\/#\/schema\/logo\/image\/\"},\"sameAs\":[\"https:\/\/www.facebook.com\/ecrevis.annecy\",\"https:\/\/www.instagram.com\/ecrevis.annecy\",\"https:\/\/www.linkedin.com\/company\/ecrevisannecy\/\"]},{\"@type\":\"Person\",\"@id\":\"https:\/\/ecrevis.eco\/site\/#\/schema\/person\/6b938193229c4e77a00191ed845d889f\",\"name\":\"clementine\",\"image\":{\"@type\":\"ImageObject\",\"inLanguage\":\"fr-FR\",\"@id\":\"https:\/\/ecrevis.eco\/site\/#\/schema\/person\/image\/\",\"url\":\"https:\/\/secure.gravatar.com\/avatar\/230e47435bd7c1a995948fe07d3b96db?s=96&d=mm&r=g\",\"contentUrl\":\"https:\/\/secure.gravatar.com\/avatar\/230e47435bd7c1a995948fe07d3b96db?s=96&d=mm&r=g\",\"caption\":\"clementine\"},\"sameAs\":[\"https:\/\/ecrevis.eco\/site\/\"],\"url\":\"https:\/\/ecrevis.eco\/site\/author\/clementine_clementine\/\"}]}<\/script>\n<!-- \/ Yoast SEO plugin. -->","yoast_head_json":{"title":"L'ECREVIS lance une collecte solidaire - L&#039;ECREVIS","robots":{"index":"index","follow":"follow","max-snippet":"max-snippet:-1","max-image-preview":"max-image-preview:large","max-video-preview":"max-video-preview:-1"},"canonical":"https:\/\/ecrevis.eco\/site\/lecrevis-lance-une-collecte-solidaire\/","og_locale":"fr_FR","og_type":"article","og_title":"L'ECREVIS lance une collecte solidaire - L&#039;ECREVIS","og_description":"Collecte solidaire \u00e0 l&rsquo;ECREVIS en soutien aux personnes migrantes \u00e0 Annecy, aux personnes d\u00e9tenues et pr\u00e9caires dans les C.R.A de Lyon et aux personnes victimes des s\u00e9ismes en Turquie et Syrie. Sur Annecy : De nombreuses personnes migrantes, et notamment des mineurs, arrivent r\u00e9guli\u00e8rement, sans trouver de places dans les foyers, souvent satur\u00e9s. Nombre d&rsquo;entre [&hellip;]","og_url":"https:\/\/ecrevis.eco\/site\/lecrevis-lance-une-collecte-solidaire\/","og_site_name":"L&#039;ECREVIS","article_publisher":"https:\/\/www.facebook.com\/ecrevis.annecy","article_published_time":"2023-03-28T11:43:38+00:00","article_modified_time":"2023-03-28T11:47:11+00:00","og_image":[{"width":2048,"height":1448,"url":"https:\/\/ecrevis.eco\/site\/wp-content\/uploads\/2023\/03\/collecte_solidaire_V3-copie-scaled.jpg","type":"image\/jpeg"}],"author":"clementine","twitter_card":"summary_large_image","twitter_misc":{"\u00c9crit par":"clementine","Dur\u00e9e de lecture estim\u00e9e":"3 minutes"},"schema":{"@context":"https:\/\/schema.org","@graph":[{"@type":"Article","@id":"https:\/\/ecrevis.eco\/site\/lecrevis-lance-une-collecte-solidaire\/#article","isPartOf":{"@id":"https:\/\/ecrevis.eco\/site\/lecrevis-lance-une-collecte-solidaire\/"},"author":{"name":"clementine","@id":"https:\/\/ecrevis.eco\/site\/#\/schema\/person\/6b938193229c4e77a00191ed845d889f"},"headline":"L&rsquo;ECREVIS lance une collecte solidaire","datePublished":"2023-03-28T11:43:38+00:00","dateModified":"2023-03-28T11:47:11+00:00","mainEntityOfPage":{"@id":"https:\/\/ecrevis.eco\/site\/lecrevis-lance-une-collecte-solidaire\/"},"wordCount":553,"commentCount":0,"publisher":{"@id":"https:\/\/ecrevis.eco\/site\/#organization"},"image":{"@id":"https:\/\/ecrevis.eco\/site\/lecrevis-lance-une-collecte-solidaire\/#primaryimage"},"thumbnailUrl":"https:\/\/ecrevis.eco\/site\/wp-content\/uploads\/2023\/03\/collecte_solidaire_V3-copie-scaled.jpg","articleSection":["Infos g\u00e9n\u00e9rales"],"inLanguage":"fr-FR","potentialAction":[{"@type":"CommentAction","name":"Comment","target":["https:\/\/ecrevis.eco\/site\/lecrevis-lance-une-collecte-solidaire\/#respond"]}]},{"@type":"WebPage","@id":"https:\/\/ecrevis.eco\/site\/lecrevis-lance-une-collecte-solidaire\/","url":"https:\/\/ecrevis.eco\/site\/lecrevis-lance-une-collecte-solidaire\/","name":"L'ECREVIS lance une collecte solidaire - L&#039;ECREVIS","isPartOf":{"@id":"https:\/\/ecrevis.eco\/site\/#website"},"primaryImageOfPage":{"@id":"https:\/\/ecrevis.eco\/site\/lecrevis-lance-une-collecte-solidaire\/#primaryimage"},"image":{"@id":"https:\/\/ecrevis.eco\/site\/lecrevis-lance-une-collecte-solidaire\/#primaryimage"},"thumbnailUrl":"https:\/\/ecrevis.eco\/site\/wp-content\/uploads\/2023\/03\/collecte_solidaire_V3-copie-scaled.jpg","datePublished":"2023-03-28T11:43:38+00:00","dateModified":"2023-03-28T11:47:11+00:00","breadcrumb":{"@id":"https:\/\/ecrevis.eco\/site\/lecrevis-lance-une-collecte-solidaire\/#breadcrumb"},"inLanguage":"fr-FR","potentialAction":[{"@type":"ReadAction","target":["https:\/\/ecrevis.eco\/site\/lecrevis-lance-une-collecte-solidaire\/"]}]},{"@type":"ImageObject","inLanguage":"fr-FR","@id":"https:\/\/ecrevis.eco\/site\/lecrevis-lance-une-collecte-solidaire\/#primaryimage","url":"https:\/\/ecrevis.eco\/site\/wp-content\/uploads\/2023\/03\/collecte_solidaire_V3-copie-scaled.jpg","contentUrl":"https:\/\/ecrevis.eco\/site\/wp-content\/uploads\/2023\/03\/collecte_solidaire_V3-copie-scaled.jpg","width":2048,"height":1448},{"@type":"BreadcrumbList","@id":"https:\/\/ecrevis.eco\/site\/lecrevis-lance-une-collecte-solidaire\/#breadcrumb","itemListElement":[{"@type":"ListItem","position":1,"name":"Accueil","item":"https:\/\/ecrevis.eco\/site\/"},{"@type":"ListItem","position":2,"name":"L&#8217;ECREVIS lance une collecte solidaire"}]},{"@type":"WebSite","@id":"https:\/\/ecrevis.eco\/site\/#website","url":"https:\/\/ecrevis.eco\/site\/","name":"L'ECREVIS","description":"","publisher":{"@id":"https:\/\/ecrevis.eco\/site\/#organization"},"potentialAction":[{"@type":"SearchAction","target":{"@type":"EntryPoint","urlTemplate":"https:\/\/ecrevis.eco\/site\/?s={search_term_string}"},"query-input":{"@type":"PropertyValueSpecification","valueRequired":true,"valueName":"search_term_string"}}],"inLanguage":"fr-FR"},{"@type":"Organization","@id":"https:\/\/ecrevis.eco\/site\/#organization","name":"L'ECREVIS","url":"https:\/\/ecrevis.eco\/site\/","logo":{"@type":"ImageObject","inLanguage":"fr-FR","@id":"https:\/\/ecrevis.eco\/site\/#\/schema\/logo\/image\/","url":"https:\/\/ecrevis.eco\/site\/wp-content\/uploads\/2019\/03\/cropped-LOGO-E-CRE-VIS-BLEU-1.jpg","contentUrl":"https:\/\/ecrevis.eco\/site\/wp-content\/uploads\/2019\/03\/cropped-LOGO-E-CRE-VIS-BLEU-1.jpg","width":1529,"height":1174,"caption":"L'ECREVIS"},"image":{"@id":"https:\/\/ecrevis.eco\/site\/#\/schema\/logo\/image\/"},"sameAs":["https:\/\/www.facebook.com\/ecrevis.annecy","https:\/\/www.instagram.com\/ecrevis.annecy","https:\/\/www.linkedin.com\/company\/ecrevisannecy\/"]},{"@type":"Person","@id":"https:\/\/ecrevis.eco\/site\/#\/schema\/person\/6b938193229c4e77a00191ed845d889f","name":"clementine","image":{"@type":"ImageObject","inLanguage":"fr-FR","@id":"https:\/\/ecrevis.eco\/site\/#\/schema\/person\/image\/","url":"https:\/\/secure.gravatar.com\/avatar\/230e47435bd7c1a995948fe07d3b96db?s=96&d=mm&r=g","contentUrl":"https:\/\/secure.gravatar.com\/avatar\/230e47435bd7c1a995948fe07d3b96db?s=96&d=mm&r=g","caption":"clementine"},"sameAs":["https:\/\/ecrevis.eco\/site\/"],"url":"https:\/\/ecrevis.eco\/site\/author\/clementine_clementine\/"}]}},"_links":{"self":[{"href":"https:\/\/ecrevis.eco\/site\/wp-json\/wp\/v2\/posts\/5438"}],"collection":[{"href":"https:\/\/ecrevis.eco\/site\/wp-json\/wp\/v2\/posts"}],"about":[{"href":"https:\/\/ecrevis.eco\/site\/wp-json\/wp\/v2\/types\/post"}],"author":[{"embeddable":true,"href":"https:\/\/ecrevis.eco\/site\/wp-json\/wp\/v2\/users\/12"}],"replies":[{"embeddable":true,"href":"https:\/\/ecrevis.eco\/site\/wp-json\/wp\/v2\/comments?post=5438"}],"version-history":[{"count":9,"href":"https:\/\/ecrevis.eco\/site\/wp-json\/wp\/v2\/posts\/5438\/revisions"}],"predecessor-version":[{"id":5450,"href":"https:\/\/ecrevis.eco\/site\/wp-json\/wp\/v2\/posts\/5438\/revisions\/5450"}],"wp:featuredmedia":[{"embeddable":true,"href":"https:\/\/ecrevis.eco\/site\/wp-json\/wp\/v2\/media\/5451"}],"wp:attachment":[{"href":"https:\/\/ecrevis.eco\/site\/wp-json\/wp\/v2\/media?parent=5438"}],"wp:term":[{"taxonomy":"category","embeddable":true,"href":"https:\/\/ecrevis.eco\/site\/wp-json\/wp\/v2\/categories?post=5438"},{"taxonomy":"post_tag","embeddable":true,"href":"https:\/\/ecrevis.eco\/site\/wp-json\/wp\/v2\/tags?post=5438"}],"curies":[{"name":"wp","href":"https:\/\/api.w.org\/{rel}","templated":true}]}}